{"id":797,"date":"2021-12-26T19:26:18","date_gmt":"2021-12-26T18:26:18","guid":{"rendered":"https:\/\/revue-phaeton.fr\/?p=797"},"modified":"2023-04-02T15:06:54","modified_gmt":"2023-04-02T13:06:54","slug":"le-sommaire-de-la-revue-phaeton-2021","status":"publish","type":"post","link":"https:\/\/revue-phaeton.fr\/index.php\/2021\/12\/26\/le-sommaire-de-la-revue-phaeton-2021\/","title":{"rendered":"Le sommaire de la revue Pha\u00e9ton 2021"},"content":{"rendered":"\n<figure class=\"wp-block-image size-full\"><img loading=\"lazy\" decoding=\"async\" width=\"640\" height=\"640\" src=\"https:\/\/revue-phaeton.fr\/wp-content\/uploads\/2021\/12\/Revue-Phaeton-2021.jpg\" alt=\"\" class=\"wp-image-796\" srcset=\"https:\/\/revue-phaeton.fr\/wp-content\/uploads\/2021\/12\/Revue-Phaeton-2021.jpg 640w, https:\/\/revue-phaeton.fr\/wp-content\/uploads\/2021\/12\/Revue-Phaeton-2021-300x300.jpg 300w, https:\/\/revue-phaeton.fr\/wp-content\/uploads\/2021\/12\/Revue-Phaeton-2021-150x150.jpg 150w, https:\/\/revue-phaeton.fr\/wp-content\/uploads\/2021\/12\/Revue-Phaeton-2021-100x100.jpg 100w\" sizes=\"auto, (max-width: 640px) 100vw, 640px\" \/><\/figure>\n\n\n\n<p><\/p>\n\n\n\n<p>Parrainages <em>p07<\/em><br>Comit\u00e9 de r\u00e9daction <em>p07<\/em><br>Sommaire <em>p08<\/em><br>D\u00e9finitions de Pha\u00e9ton <em>p12<\/em><br>Prix Ludovic Trarieux 2020 <em>p14<\/em><br>\u00c9ditorial <em>p16<\/em><br><br><em>Il y a quarante ans :  l\u2019abolition de la peine de mort en France par la loi du 9 octobre 1981<\/em> <em> p22<\/em><br><br><strong>Jean-Paul Sartre<\/strong>, <em>Dans la rue des Blancs-Manteaux<\/em> <em>p25<\/em><br>Extraits du discours de <strong>Me Robert Badinter<\/strong>, garde des Sceaux, ministre de la Justice<br>\u00e0 l\u2019Assembl\u00e9e nationale, jeudi 17 septembre 1981  <em>p26<\/em><br><strong>G\u00e9b\u00e9<\/strong> (Georges Blondeaux), <em>Casse-t\u00eates p37<\/em><br><em>L\u2019Erdapfel de Martin Behaim <\/em><strong> <em>p39<\/em><br>Montesquieu<\/strong>, <em>Adresse aux inquisiteurs d\u2019Espagne et du Portugal<\/em><br>(extrait de l\u2019Esprit des Lois)  <em>p45<\/em><br><strong>Marie Laugery<\/strong> <em>Voie lact\u00e9e vraie demeure<\/em>  <em>p48<\/em><br><strong>Nicolas Bourgeois <\/strong><em>Pic du Midi de Bigorre et son observatoire, un patrimoine mondial<\/em>  <em>p49<\/em><br><strong>Marie-Claude Canova-Green <\/strong><em>D\u2019infante \u00e0 reine de France, le voyage nuptial d\u2019Anne et celui de Marie-Th\u00e9r\u00e8se d\u2019Autriche<\/em>  <em>p69<\/em><br><strong>Michel Wiedemann<\/strong> <em>Les dessins du voyage en Espagne de Christophe Weiditz  p83<\/em><br><strong>Francine Agard-Lavall\u00e9<\/strong> et <strong>Bernard Lavall\u00e9<\/strong> <em>L\u2019accueil des r\u00e9fugi\u00e9s espagnols \u00e0 Bordeaux en 1936 et 1937 :de la solidarit\u00e9 \u00e0 la politique d\u2019exclusion<\/em>  <em>p99<\/em><br><br><strong>Cahier de Po\u00e9sie <\/strong><em> p105<\/em><strong><br>ESPA\u00d1AS<\/strong>  <em>p107<\/em><br><br><strong>Merles blancs<\/strong>  <em>p177<\/em><br>Floril\u00e8ge de <strong>po\u00e8mes \u00e9dit\u00e9s dans la Revue Les Cahiers du Sens<\/strong>, de 1991 \u00e0 2020,<br>en hommage \u00e0 Danny-Marc et Jean-Luc Maxence du Nouvel-Athanor<\/p>\n\n\n\n<p><strong>Justine Guitard<\/strong><br>Le franquisme \u00e0 travers le prisme d\u2019un espace \u00ab subversif \u00bb :  le ruedo  <em>p219<\/em><br><strong>Javier Jurado<\/strong> <br><em>L\u2019invisibilisation des femmes ouvri\u00e8res dans les s\u00e9ries de la t\u00e9l\u00e9vision espagnole (TVE) de 1989 \u00e0 1993<\/em>  <em>p237<\/em><br><strong>Katia-Sofia Hakim<\/strong> <br><em>Candelas, femme de lumi\u00e8res : une analyse du personnage f\u00e9minin dans l\u2019Amour Sorcier de Manuel de Falla (1915) <\/em> <em>p251<\/em><br><strong>Andrea Rodriguez-Novoa<\/strong><br><em>Regard sur dix ans d\u2019arts visuels en Espagne<\/em> : une anthologie \u00e9motionnelle  <em>p260<\/em><br><strong>Jacques Demorgon<\/strong><br><em>D\u2019Ibn-Khald\u00fbn \u00e0 Fukuyama : l\u2019esprit de la g\u00e9ohistoire<\/em>  p267<br><br><strong>Marges <\/strong> <em>p279<\/em><br><strong>Concha Castillo et Pierre Landete<\/strong>, <em>El guiri y el gato<\/em> : <em>dialogue  p281<\/em><br><strong>Nicolas Espitalier,<\/strong> <em>Salamanque Plaza Mayor  p282<\/em><br><strong>Pierre Landete, <\/strong><em>Debajo del reloj \/ Hoy por hoy  p285<\/em><br><strong>Jean-Bernard Duboscq et R\u00e9mi Bourquin<\/strong>,<br><em>Comme une petite pluie sur un kiosque \u00e0 musique<\/em>\u2026 <em>p287<\/em><br><strong>Yves Hart\u00e9,<\/strong> <em>La huiti\u00e8me couleur<\/em> (extrait)<em>  p289<\/em><br><strong>Claude-Henri Rocquet<\/strong>, <strong>L\u2019\u00e9ventail andalou<\/strong> (extraits de la nouvelle n\u00b0 24,<br>in Les Cahiers du Sens \u2013 Ed. Nouvel-Athanor, 2014) <em> p292<\/em><br><strong>Roseline Giusti<\/strong>, <em>\u00c9crire S\u00e9ville \/ Escribir Sevilla  p297<\/em><br><strong>Roseline Giusti,<\/strong> \u00ab Je parle encore le Djudezmo \u00bb.<br><em>Entretien avec Eli\u00e9zer B<\/em>., jud\u00e9o-espagnol d\u2019Istanbul  <em>p299<\/em><br><strong>Salvador Dal\u00ed,<\/strong> <em>Journal d\u2019un g\u00e9nie (<\/em>extraits)  <em>p305<\/em><br><strong>Jorge Sempr\u00fan Maura<\/strong>, <em>L\u2019\u00c9criture ou la Vie  p308<\/em><br><strong>Fr\u00e9d\u00e9ric Brun<\/strong>,<em> Perla  p315<\/em><br><strong>Christian Roger<\/strong>, <em>Elsa M\u00e8re  p317<\/em><br><strong>Jean-Christophe Cabut<\/strong>, <em>Portrait de Dani\u00e8le Thi\u00e9ry : hommage \u00e0 la Donzelle<\/em>  <em>p318<\/em><br><br>Q<em>uestionnaire de Proust<\/em> : <strong>Herv\u00e9 Le Tellier<\/strong>, laur\u00e9at du prix Goncourt  2020  <em>p323<\/em><br><br>Biographies des membres du Comit\u00e9 de parrainage<em>  p326<\/em><br>Biographies des membres du Comit\u00e9 de r\u00e9daction  <em>p331<\/em><br>Biographies des correspondants <em>p333<\/em><br>Sommaire des illustrations  <em>p337<\/em><br><br><strong>Pour commander la revue 2021  :<br>&gt;&gt;&nbsp;<a href=\"https:\/\/revue-phaeton.fr\/index.php\/bulletin-de-souscription\/\">bulletin de commande<\/a><\/strong><\/p>\n\n\n<div class=\"wp-block-image is-style-rounded\">\n<figure class=\"aligncenter size-full\"><img loading=\"lazy\" decoding=\"async\" width=\"300\" height=\"300\" src=\"https:\/\/revue-phaeton.fr\/wp-content\/uploads\/2021\/12\/revue-phateon-2021.jpg\" alt=\"\" class=\"wp-image-801\" srcset=\"https:\/\/revue-phaeton.fr\/wp-content\/uploads\/2021\/12\/revue-phateon-2021.jpg 300w, https:\/\/revue-phaeton.fr\/wp-content\/uploads\/2021\/12\/revue-phateon-2021-150x150.jpg 150w, https:\/\/revue-phaeton.fr\/wp-content\/uploads\/2021\/12\/revue-phateon-2021-100x100.jpg 100w\" sizes=\"auto, (max-width: 300px) 100vw, 300px\" \/><\/figure>\n<\/div>","protected":false},"excerpt":{"rendered":"<p>Parrainages p07Comit\u00e9 de r\u00e9daction p07Sommaire p08D\u00e9finitions de Pha\u00e9ton p12Prix Ludovic Trarieux 2020 p14\u00c9ditorial p16 Il y a quarante ans : l\u2019abolition de la peine de mort en France par la loi du 9 octobre 1981 p22 Jean-Paul Sartre, Dans la rue des Blancs-Manteaux p25Extraits du discours de Me Robert Badinter, garde des Sceaux, ministre de &hellip; <\/p>\n<p class=\"link-more\"><a href=\"https:\/\/revue-phaeton.fr\/index.php\/2021\/12\/26\/le-sommaire-de-la-revue-phaeton-2021\/\" class=\"more-link\">Continuer la lecture<span class=\"screen-reader-text\"> de &laquo;&nbsp;Le sommaire de la revue Pha\u00e9ton 2021&nbsp;&raquo;<\/span><\/a><\/p>\n","protected":false},"author":1,"featured_media":0,"comment_status":"closed","ping_status":"closed","sticky":false,"template":"","format":"standard","meta":{"footnotes":""},"categories":[14],"tags":[],"class_list":["post-797","post","type-post","status-publish","format-standard","hentry","category-phaeton-2021"],"yoast_head":"<!-- This site is optimized with the Yoast SEO plugin v26.1.1 - https:\/\/yoast.com\/wordpress\/plugins\/seo\/ -->\n<title>Le sommaire de la revue Pha\u00e9ton 2021 - Editions Pha\u00e9ton<\/title>\n<meta name=\"robots\" content=\"index, follow, max-snippet:-1, max-image-preview:large, max-video-preview:-1\" \/>\n<link rel=\"canonical\" href=\"https:\/\/revue-phaeton.fr\/index.php\/2021\/12\/26\/le-sommaire-de-la-revue-phaeton-2021\/\" \/>\n<meta property=\"og:locale\" content=\"fr_FR\" \/>\n<meta property=\"og:type\" content=\"article\" \/>\n<meta property=\"og:title\" content=\"Le sommaire de la revue Pha\u00e9ton 2021 - Editions Pha\u00e9ton\" \/>\n<meta property=\"og:description\" content=\"Parrainages p07Comit\u00e9 de r\u00e9daction p07Sommaire p08D\u00e9finitions de Pha\u00e9ton p12Prix Ludovic Trarieux 2020 p14\u00c9ditorial p16 Il y a quarante ans : l\u2019abolition de la peine de mort en France par la loi du 9 octobre 1981 p22 Jean-Paul Sartre, Dans la rue des Blancs-Manteaux p25Extraits du discours de Me Robert Badinter, garde des Sceaux, ministre de &hellip; Continuer la lecture de &laquo;&nbsp;Le sommaire de la revue Pha\u00e9ton 2021&nbsp;&raquo;\" \/>\n<meta property=\"og:url\" content=\"https:\/\/revue-phaeton.fr\/index.php\/2021\/12\/26\/le-sommaire-de-la-revue-phaeton-2021\/\" \/>\n<meta property=\"og:site_name\" content=\"Editions Pha\u00e9ton\" \/>\n<meta property=\"article:published_time\" content=\"2021-12-26T18:26:18+00:00\" \/>\n<meta property=\"article:modified_time\" content=\"2023-04-02T13:06:54+00:00\" \/>\n<meta property=\"og:image\" content=\"https:\/\/revue-phaeton.fr\/wp-content\/uploads\/2021\/12\/Revue-Phaeton-2021.jpg\" \/>\n<meta name=\"author\" content=\"Phaeton\" \/>\n<meta name=\"twitter:card\" content=\"summary_large_image\" \/>\n<meta name=\"twitter:label1\" content=\"\u00c9crit par\" \/>\n\t<meta name=\"twitter:data1\" content=\"Phaeton\" \/>\n\t<meta name=\"twitter:label2\" content=\"Dur\u00e9e de lecture estim\u00e9e\" \/>\n\t<meta name=\"twitter:data2\" content=\"3 minutes\" \/>\n<script type=\"application\/ld+json\" class=\"yoast-schema-graph\">{\"@context\":\"https:\/\/schema.org\",\"@graph\":[{\"@type\":\"WebPage\",\"@id\":\"https:\/\/revue-phaeton.fr\/index.php\/2021\/12\/26\/le-sommaire-de-la-revue-phaeton-2021\/\",\"url\":\"https:\/\/revue-phaeton.fr\/index.php\/2021\/12\/26\/le-sommaire-de-la-revue-phaeton-2021\/\",\"name\":\"Le sommaire de la revue Pha\u00e9ton 2021 - Editions Pha\u00e9ton\",\"isPartOf\":{\"@id\":\"https:\/\/revue-phaeton.fr\/#website\"},\"primaryImageOfPage\":{\"@id\":\"https:\/\/revue-phaeton.fr\/index.php\/2021\/12\/26\/le-sommaire-de-la-revue-phaeton-2021\/#primaryimage\"},\"image\":{\"@id\":\"https:\/\/revue-phaeton.fr\/index.php\/2021\/12\/26\/le-sommaire-de-la-revue-phaeton-2021\/#primaryimage\"},\"thumbnailUrl\":\"https:\/\/revue-phaeton.fr\/wp-content\/uploads\/2021\/12\/Revue-Phaeton-2021.jpg\",\"datePublished\":\"2021-12-26T18:26:18+00:00\",\"dateModified\":\"2023-04-02T13:06:54+00:00\",\"author\":{\"@id\":\"https:\/\/revue-phaeton.fr\/#\/schema\/person\/59bdbf6a5c6012c3b35a5e6ea429f667\"},\"breadcrumb\":{\"@id\":\"https:\/\/revue-phaeton.fr\/index.php\/2021\/12\/26\/le-sommaire-de-la-revue-phaeton-2021\/#breadcrumb\"},\"inLanguage\":\"fr-FR\",\"potentialAction\":[{\"@type\":\"ReadAction\",\"target\":[\"https:\/\/revue-phaeton.fr\/index.php\/2021\/12\/26\/le-sommaire-de-la-revue-phaeton-2021\/\"]}]},{\"@type\":\"ImageObject\",\"inLanguage\":\"fr-FR\",\"@id\":\"https:\/\/revue-phaeton.fr\/index.php\/2021\/12\/26\/le-sommaire-de-la-revue-phaeton-2021\/#primaryimage\",\"url\":\"https:\/\/revue-phaeton.fr\/wp-content\/uploads\/2021\/12\/Revue-Phaeton-2021.jpg\",\"contentUrl\":\"https:\/\/revue-phaeton.fr\/wp-content\/uploads\/2021\/12\/Revue-Phaeton-2021.jpg\",\"width\":640,\"height\":640},{\"@type\":\"BreadcrumbList\",\"@id\":\"https:\/\/revue-phaeton.fr\/index.php\/2021\/12\/26\/le-sommaire-de-la-revue-phaeton-2021\/#breadcrumb\",\"itemListElement\":[{\"@type\":\"ListItem\",\"position\":1,\"name\":\"Accueil\",\"item\":\"https:\/\/revue-phaeton.fr\/\"},{\"@type\":\"ListItem\",\"position\":2,\"name\":\"Le sommaire de la revue Pha\u00e9ton 2021\"}]},{\"@type\":\"WebSite\",\"@id\":\"https:\/\/revue-phaeton.fr\/#website\",\"url\":\"https:\/\/revue-phaeton.fr\/\",\"name\":\"Editions Pha\u00e9ton\",\"description\":\"Maison d&#039;\u00e9ditions \",\"potentialAction\":[{\"@type\":\"SearchAction\",\"target\":{\"@type\":\"EntryPoint\",\"urlTemplate\":\"https:\/\/revue-phaeton.fr\/?s={search_term_string}\"},\"query-input\":{\"@type\":\"PropertyValueSpecification\",\"valueRequired\":true,\"valueName\":\"search_term_string\"}}],\"inLanguage\":\"fr-FR\"},{\"@type\":\"Person\",\"@id\":\"https:\/\/revue-phaeton.fr\/#\/schema\/person\/59bdbf6a5c6012c3b35a5e6ea429f667\",\"name\":\"Phaeton\",\"url\":\"https:\/\/revue-phaeton.fr\/index.php\/author\/admin4496\/\"}]}<\/script>\n<!-- \/ Yoast SEO plugin. -->","yoast_head_json":{"title":"Le sommaire de la revue Pha\u00e9ton 2021 - Editions Pha\u00e9ton","robots":{"index":"index","follow":"follow","max-snippet":"max-snippet:-1","max-image-preview":"max-image-preview:large","max-video-preview":"max-video-preview:-1"},"canonical":"https:\/\/revue-phaeton.fr\/index.php\/2021\/12\/26\/le-sommaire-de-la-revue-phaeton-2021\/","og_locale":"fr_FR","og_type":"article","og_title":"Le sommaire de la revue Pha\u00e9ton 2021 - Editions Pha\u00e9ton","og_description":"Parrainages p07Comit\u00e9 de r\u00e9daction p07Sommaire p08D\u00e9finitions de Pha\u00e9ton p12Prix Ludovic Trarieux 2020 p14\u00c9ditorial p16 Il y a quarante ans : l\u2019abolition de la peine de mort en France par la loi du 9 octobre 1981 p22 Jean-Paul Sartre, Dans la rue des Blancs-Manteaux p25Extraits du discours de Me Robert Badinter, garde des Sceaux, ministre de &hellip; Continuer la lecture de &laquo;&nbsp;Le sommaire de la revue Pha\u00e9ton 2021&nbsp;&raquo;","og_url":"https:\/\/revue-phaeton.fr\/index.php\/2021\/12\/26\/le-sommaire-de-la-revue-phaeton-2021\/","og_site_name":"Editions Pha\u00e9ton","article_published_time":"2021-12-26T18:26:18+00:00","article_modified_time":"2023-04-02T13:06:54+00:00","og_image":[{"url":"https:\/\/revue-phaeton.fr\/wp-content\/uploads\/2021\/12\/Revue-Phaeton-2021.jpg","type":"","width":"","height":""}],"author":"Phaeton","twitter_card":"summary_large_image","twitter_misc":{"\u00c9crit par":"Phaeton","Dur\u00e9e de lecture estim\u00e9e":"3 minutes"},"schema":{"@context":"https:\/\/schema.org","@graph":[{"@type":"WebPage","@id":"https:\/\/revue-phaeton.fr\/index.php\/2021\/12\/26\/le-sommaire-de-la-revue-phaeton-2021\/","url":"https:\/\/revue-phaeton.fr\/index.php\/2021\/12\/26\/le-sommaire-de-la-revue-phaeton-2021\/","name":"Le sommaire de la revue Pha\u00e9ton 2021 - Editions Pha\u00e9ton","isPartOf":{"@id":"https:\/\/revue-phaeton.fr\/#website"},"primaryImageOfPage":{"@id":"https:\/\/revue-phaeton.fr\/index.php\/2021\/12\/26\/le-sommaire-de-la-revue-phaeton-2021\/#primaryimage"},"image":{"@id":"https:\/\/revue-phaeton.fr\/index.php\/2021\/12\/26\/le-sommaire-de-la-revue-phaeton-2021\/#primaryimage"},"thumbnailUrl":"https:\/\/revue-phaeton.fr\/wp-content\/uploads\/2021\/12\/Revue-Phaeton-2021.jpg","datePublished":"2021-12-26T18:26:18+00:00","dateModified":"2023-04-02T13:06:54+00:00","author":{"@id":"https:\/\/revue-phaeton.fr\/#\/schema\/person\/59bdbf6a5c6012c3b35a5e6ea429f667"},"breadcrumb":{"@id":"https:\/\/revue-phaeton.fr\/index.php\/2021\/12\/26\/le-sommaire-de-la-revue-phaeton-2021\/#breadcrumb"},"inLanguage":"fr-FR","potentialAction":[{"@type":"ReadAction","target":["https:\/\/revue-phaeton.fr\/index.php\/2021\/12\/26\/le-sommaire-de-la-revue-phaeton-2021\/"]}]},{"@type":"ImageObject","inLanguage":"fr-FR","@id":"https:\/\/revue-phaeton.fr\/index.php\/2021\/12\/26\/le-sommaire-de-la-revue-phaeton-2021\/#primaryimage","url":"https:\/\/revue-phaeton.fr\/wp-content\/uploads\/2021\/12\/Revue-Phaeton-2021.jpg","contentUrl":"https:\/\/revue-phaeton.fr\/wp-content\/uploads\/2021\/12\/Revue-Phaeton-2021.jpg","width":640,"height":640},{"@type":"BreadcrumbList","@id":"https:\/\/revue-phaeton.fr\/index.php\/2021\/12\/26\/le-sommaire-de-la-revue-phaeton-2021\/#breadcrumb","itemListElement":[{"@type":"ListItem","position":1,"name":"Accueil","item":"https:\/\/revue-phaeton.fr\/"},{"@type":"ListItem","position":2,"name":"Le sommaire de la revue Pha\u00e9ton 2021"}]},{"@type":"WebSite","@id":"https:\/\/revue-phaeton.fr\/#website","url":"https:\/\/revue-phaeton.fr\/","name":"Editions Pha\u00e9ton","description":"Maison d&#039;\u00e9ditions ","potentialAction":[{"@type":"SearchAction","target":{"@type":"EntryPoint","urlTemplate":"https:\/\/revue-phaeton.fr\/?s={search_term_string}"},"query-input":{"@type":"PropertyValueSpecification","valueRequired":true,"valueName":"search_term_string"}}],"inLanguage":"fr-FR"},{"@type":"Person","@id":"https:\/\/revue-phaeton.fr\/#\/schema\/person\/59bdbf6a5c6012c3b35a5e6ea429f667","name":"Phaeton","url":"https:\/\/revue-phaeton.fr\/index.php\/author\/admin4496\/"}]}},"_links":{"self":[{"href":"https:\/\/revue-phaeton.fr\/index.php\/wp-json\/wp\/v2\/posts\/797","targetHints":{"allow":["GET"]}}],"collection":[{"href":"https:\/\/revue-phaeton.fr\/index.php\/wp-json\/wp\/v2\/posts"}],"about":[{"href":"https:\/\/revue-phaeton.fr\/index.php\/wp-json\/wp\/v2\/types\/post"}],"author":[{"embeddable":true,"href":"https:\/\/revue-phaeton.fr\/index.php\/wp-json\/wp\/v2\/users\/1"}],"replies":[{"embeddable":true,"href":"https:\/\/revue-phaeton.fr\/index.php\/wp-json\/wp\/v2\/comments?post=797"}],"version-history":[{"count":7,"href":"https:\/\/revue-phaeton.fr\/index.php\/wp-json\/wp\/v2\/posts\/797\/revisions"}],"predecessor-version":[{"id":972,"href":"https:\/\/revue-phaeton.fr\/index.php\/wp-json\/wp\/v2\/posts\/797\/revisions\/972"}],"wp:attachment":[{"href":"https:\/\/revue-phaeton.fr\/index.php\/wp-json\/wp\/v2\/media?parent=797"}],"wp:term":[{"taxonomy":"category","embeddable":true,"href":"https:\/\/revue-phaeton.fr\/index.php\/wp-json\/wp\/v2\/categories?post=797"},{"taxonomy":"post_tag","embeddable":true,"href":"https:\/\/revue-phaeton.fr\/index.php\/wp-json\/wp\/v2\/tags?post=797"}],"curies":[{"name":"wp","href":"https:\/\/api.w.org\/{rel}","templated":true}]}}